{"id":997,"date":"2021-02-01T18:55:28","date_gmt":"2021-02-01T18:55:28","guid":{"rendered":"http:\/\/eosaciurbano.art.br\/eo\/?p=997"},"modified":"2021-02-01T18:55:30","modified_gmt":"2021-02-01T18:55:30","slug":"a-queda-das-mascaras","status":"publish","type":"post","link":"https:\/\/eosaciurbano.art.br\/eo\/a-queda-das-mascaras\/","title":{"rendered":"A queda das m\u00e1scaras"},"content":{"rendered":"\n<p>Ca\u00edram as verdadeiras m\u00e1scaras das pessoas e as suas faces foram fatalmente reveladas.<\/p>\n\n\n\n<p>Neste longo per\u00edodo de COVID-19, ficou mais f\u00e1cil identificar quem s\u00e3o as pessoas que se importam com as outras em sua volta; e as que se importam apenas consigo mesmas.<\/p>\n\n\n\n<figure class=\"wp-block-image size-large\"><img loading=\"lazy\" decoding=\"async\" width=\"1024\" height=\"731\" src=\"http:\/\/eosaciurbano.art.br\/eo\/wp-content\/uploads\/2021\/02\/IMG_4346-1024x731.jpg\" alt=\"\" class=\"wp-image-1005\" srcset=\"https:\/\/eosaciurbano.art.br\/eo\/wp-content\/uploads\/2021\/02\/IMG_4346-1024x731.jpg 1024w, https:\/\/eosaciurbano.art.br\/eo\/wp-content\/uploads\/2021\/02\/IMG_4346-300x214.jpg 300w, https:\/\/eosaciurbano.art.br\/eo\/wp-content\/uploads\/2021\/02\/IMG_4346-768x548.jpg 768w, https:\/\/eosaciurbano.art.br\/eo\/wp-content\/uploads\/2021\/02\/IMG_4346.jpg 1360w\" sizes=\"auto, (max-width: 1024px) 100vw, 1024px\" \/><figcaption>Saci em distanciamento social<\/figcaption><\/figure>\n\n\n\n<p>As pessoas que se importam consigo mesmas s\u00e3o opressoras por natureza, e\/ou por forma\u00e7\u00e3o egoc\u00eantrica. S\u00e3o pessoas sem como\u00e7\u00e3o e para elas a vida do outro ter\u00e1 de ser inferior a sua \u2013 e um detalhe: elas n\u00e3o usaram m\u00e1scaras de prote\u00e7\u00e3o facial em espa\u00e7os coletivos durante a pandemia de COVID-19.<\/p>\n\n\n\n<p>As pessoas que se importam com tudo em sua volta (seres vivos e meio ambiente) sempre ser\u00e3o oprimidas pela natureza do seu opressor. S\u00e3o pessoas com como\u00e7\u00e3o e para elas a vida do outro \u00e9 t\u00e3o importante quanto a sua pr\u00f3pria vida e elas almejam uma conviv\u00eancia pac\u00edfica com as mesmas condi\u00e7\u00f5es e oportunidades \u2013 e um detalhe: elas usaram m\u00e1scaras de prote\u00e7\u00e3o facial em espa\u00e7os coletivos durante a pandemia de COVID-19. <\/p>\n\n\n\n<p>Tal fen\u00f4meno social explica a exist\u00eancia\/persist\u00eancia\/resist\u00eancia\/perman\u00eancia de Sacis nessa grande terra-local e justifica o motivo de suas peraltices, pois ficou confirmado a exist\u00eancia do povoamento com muitas pessoas opressoras.<\/p>\n\n\n\n<figure class=\"wp-block-image size-large\"><img loading=\"lazy\" decoding=\"async\" width=\"1024\" height=\"683\" src=\"http:\/\/eosaciurbano.art.br\/eo\/wp-content\/uploads\/2021\/02\/IMG_4337-1024x683.jpg\" alt=\"\" class=\"wp-image-1003\" srcset=\"https:\/\/eosaciurbano.art.br\/eo\/wp-content\/uploads\/2021\/02\/IMG_4337-1024x683.jpg 1024w, https:\/\/eosaciurbano.art.br\/eo\/wp-content\/uploads\/2021\/02\/IMG_4337-300x200.jpg 300w, https:\/\/eosaciurbano.art.br\/eo\/wp-content\/uploads\/2021\/02\/IMG_4337-768x512.jpg 768w, https:\/\/eosaciurbano.art.br\/eo\/wp-content\/uploads\/2021\/02\/IMG_4337.jpg 1360w\" sizes=\"auto, (max-width: 1024px) 100vw, 1024px\" \/><figcaption>Saci em distanciamento social<\/figcaption><\/figure>\n\n\n\n<p><\/p>\n","protected":false},"excerpt":{"rendered":"<p>Ca\u00edram as verdadeiras m\u00e1scaras das pessoas e as suas faces foram fatalmente reveladas. Neste longo per\u00edodo de COVID-19, ficou mais f\u00e1cil identificar quem s\u00e3o as pessoas que se importam com as outras em sua volta; e as que se importam apenas consigo mesmas. As pessoas que se importam consigo mesmas s\u00e3o opressoras por natureza, e\/ou [&hellip;]<\/p>\n","protected":false},"author":1,"featured_media":0,"comment_status":"open","ping_status":"open","sticky":false,"template":"","format":"standard","meta":{"_themeisle_gutenberg_block_has_review":false,"footnotes":""},"categories":[1],"tags":[43,54,405,412,413,410,411,284],"class_list":["post-997","post","type-post","status-publish","format-standard","hentry","category-uncategorized","tag-arte-urbana","tag-brasil","tag-covid-19","tag-distanciamento-social","tag-instalacao","tag-intervencao-artistica","tag-pandemia","tag-saci-urbano"],"_links":{"self":[{"href":"https:\/\/eosaciurbano.art.br\/eo\/wp-json\/wp\/v2\/posts\/997","targetHints":{"allow":["GET"]}}],"collection":[{"href":"https:\/\/eosaciurbano.art.br\/eo\/wp-json\/wp\/v2\/posts"}],"about":[{"href":"https:\/\/eosaciurbano.art.br\/eo\/wp-json\/wp\/v2\/types\/post"}],"author":[{"embeddable":true,"href":"https:\/\/eosaciurbano.art.br\/eo\/wp-json\/wp\/v2\/users\/1"}],"replies":[{"embeddable":true,"href":"https:\/\/eosaciurbano.art.br\/eo\/wp-json\/wp\/v2\/comments?post=997"}],"version-history":[{"count":7,"href":"https:\/\/eosaciurbano.art.br\/eo\/wp-json\/wp\/v2\/posts\/997\/revisions"}],"predecessor-version":[{"id":1010,"href":"https:\/\/eosaciurbano.art.br\/eo\/wp-json\/wp\/v2\/posts\/997\/revisions\/1010"}],"wp:attachment":[{"href":"https:\/\/eosaciurbano.art.br\/eo\/wp-json\/wp\/v2\/media?parent=997"}],"wp:term":[{"taxonomy":"category","embeddable":true,"href":"https:\/\/eosaciurbano.art.br\/eo\/wp-json\/wp\/v2\/categories?post=997"},{"taxonomy":"post_tag","embeddable":true,"href":"https:\/\/eosaciurbano.art.br\/eo\/wp-json\/wp\/v2\/tags?post=997"}],"curies":[{"name":"wp","href":"https:\/\/api.w.org\/{rel}","templated":true}]}}